{"id":92,"date":"2024-07-05T11:55:50","date_gmt":"2024-07-05T09:55:50","guid":{"rendered":"https:\/\/laboratoriorabin.eu\/?p=92"},"modified":"2024-07-05T12:18:29","modified_gmt":"2024-07-05T10:18:29","slug":"comunicato-stampa-nasce-il-laboratorio-rabin-per-smontare-i-pregiudizi-su-israele","status":"publish","type":"post","link":"https:\/\/laboratoriorabin.eu\/index.php\/2024\/07\/05\/comunicato-stampa-nasce-il-laboratorio-rabin-per-smontare-i-pregiudizi-su-israele\/","title":{"rendered":"Nasce il \u201cLaboratorio Rabin\u201d per smontare i pregiudizi  su Israele"},"content":{"rendered":"<p style=\"text-align: center;\"><strong>Nasce \u201cLaboratorio Rabin\u201d, per smontare i pregiudizi <\/strong><\/p>\n<p style=\"text-align: center;\"><strong>su Israele, sionismo, antisemitismo e conflitti in Medio Oriente.<\/strong><\/p>\n<p><strong>\u00a0<\/strong><\/p>\n<p style=\"text-align: center;\"><em>L\u2019iniziativa \u00e8 stata presentata il 3 mattina a Roma, alla Camera dei Deputati<\/em><\/p>\n<p><em>\u00a0<\/em><\/p>\n<p><img loading=\"lazy\" decoding=\"async\" class=\"aligncenter wp-image-93 size-large\" src=\"https:\/\/laboratoriorabin.eu\/wp-content\/uploads\/2024\/07\/presentazione-laboratorio-rabin-1024x576.jpg\" alt=\"\" width=\"1024\" height=\"576\" srcset=\"https:\/\/laboratoriorabin.eu\/wp-content\/uploads\/2024\/07\/presentazione-laboratorio-rabin-1024x576.jpg 1024w, https:\/\/laboratoriorabin.eu\/wp-content\/uploads\/2024\/07\/presentazione-laboratorio-rabin-300x169.jpg 300w, https:\/\/laboratoriorabin.eu\/wp-content\/uploads\/2024\/07\/presentazione-laboratorio-rabin-768x432.jpg 768w, https:\/\/laboratoriorabin.eu\/wp-content\/uploads\/2024\/07\/presentazione-laboratorio-rabin.jpg 1416w\" sizes=\"auto, (max-width: 1024px) 100vw, 1024px\" \/><\/p>\n<p style=\"text-align: justify;\">Uno spazio di approfondimento e di conoscenza, al di l\u00e0 dei pregiudizi, su Israele, sionismo, antisemitismo, sui conflitti in Madio Oriente e sul ruolo dell\u2019Occidente. Un luogo di formazione e di analisi, perch\u00e9 \u201c\u00e8 vero che la cultura da sola non basta ad avviare un percorso di convivenza, ma \u00e8 certo che l\u2019ignoranza non porta alla pace, alimenta disprezzo e rende complicato il riconoscimento dell\u2019altro\u201d.<\/p>\n<p style=\"text-align: justify;\">\u00c8 stato presentato a Roma, nella sala stampa della Camera dei Deputati, il Laboratorio Rabin, su iniziativa di un gruppo di donne e uomini della cultura, della politica, delle professioni, con differenti profili accademici e politici, che condividono un comune impegno nella ricerca e nell\u2019attivismo. Il Laboratorio Rabin si ispira a valori e idee di fondo coerenti con il Manifesto di Sinistra per Israele, dal seno della cui organizzazione il Laboratorio nasce e insieme alla quale intende svilupparsi. L\u2019obiettivo \u00e8 quello di dar vita a una serie di attivit\u00e0 che si realizzeranno a partire dai prossimi mesi, secondo un programma che sar\u00e0 aggiornato man mano sul sito <a href=\"http:\/\/www.laboratoriorabin.eu\">www.laboratoriorabin.eu<\/a> e che prevede lezioni, seminari, podcast, presentazioni, incontri pubblici, altre occasioni di divulgazione.<\/p>\n<p style=\"text-align: justify;\">L\u2019incontro \u00e8 stato aperto da <strong>Massimiliano Boni<\/strong>, uno dei promotori del Laboratorio: \u201cQuesta iniziativa nasce per l&#8217;esigenza di elaborare risposte alla complessit\u00e0 del tempo attuale \u2013 ha sottolineato Boni &#8211; contro pregiudizi e stereotipi che questi mesi e le ultime settimane hanno dimostrato essere presenti diffusamente nella sinistra radicale e nella destra, anche quella\u00a0al\u00a0governo\u201d.<\/p>\n<p style=\"text-align: justify;\">Per <strong>Simone Oggionni<\/strong>, un altro dei promotori, \u201cnel Laboratorio Rabin ci sono persone con sensibilit\u00e0 politiche e culturali diverse, ma accomunate da alcuni presupposti fondamentali: il percorso verso due popoli e due stati per israeliani e palestinesi, la critica senza sconti al governo Netanyahu incapace di lavorare per il dialogo e per la convivenza, la lotta contro ogni tipo di antisemitismo unita alla affermazione radicale del diritto all\u2019esistenza dello stato d\u2019Israele\u201d.<\/p>\n<p style=\"text-align: justify;\"><strong>Alessandra Tarquini<\/strong>, docente di Storia contemporanea all&#8217;Universit\u00e0 La Sapienza di Roma e membro del Comitato Scientifico, \u201cc\u2019\u00e8 la necessit\u00e0 di contrastare una narrazione ormai predominante sul conflitto israelo-palestrinese, che \u00e8 una delle vicende pi\u00f9 complesse del mondo contemporaneo. Troppe volte il confine fra antisionismo e antisemitismo \u00e8 diventato talmente labile da produrre giudizi confusi e prese di posizione inaccettabili, per questo \u00e8 necessario uno strumento come il Laboratorio\u201d.<\/p>\n<p style=\"text-align: justify;\">L\u2019intervento di chiusura \u00e8 stato di <strong>Lia Quartapelle<\/strong>, deputata Pd e animatrice del Laboratorio e di Sinistra per Israele. \u201cLa figura di Rabin, poco conosciuta dai giovani, \u00e8 quella di un politico di sinistra che da sinistra ha difeso la sicurezza di Israele, ha aperto al dialogo e alla convivenza con i palestinesi, ha avviato un processo di pace interrotto brutalmente, ma ancora valido. Il Laboratorio \u2013 ha aggiunto Quartapelle \u2013 \u00e8 un contributo piccolo, ma concreto, nato dopo il dramma del 7 ottobre. Ora aspettiamo che anche da altre prospettive culturali e politiche arrivino iniziative di questo tipo: a sostegno di Israele, della convivenza fra i due popoli, della cessazione di un conflitto sanguinoso che non ha ancora trovato una via d\u2019uscita pacifica\u201d<\/p>\n<p><strong>Video della diretta dalla Camera: <\/strong><a href=\"https:\/\/webtv.camera.it\/evento\/25786\">&#8220;Presentazione dell&#8217;iniziativa laboratorio Yithzak Rabin &#8211; Conferenza stampa di Lia Quartapelle&#8221;<\/a><\/p>\n","protected":false},"excerpt":{"rendered":"<p>Nasce \u201cLaboratorio Rabin\u201d, per smontare i pregiudizi su Israele, sionismo, antisemitismo e conflitti in Medio Oriente. \u00a0 L\u2019iniziativa \u00e8 stata presentata il 3 mattina a Roma, alla Camera dei Deputati \u00a0 Uno spazio di approfondimento e di conoscenza, al di l\u00e0 dei pregiudizi, su Israele, sionismo, antisemitismo, sui conflitti in Madio Oriente e sul ruolo [&hellip;]<\/p>\n","protected":false},"author":1,"featured_media":0,"comment_status":"open","ping_status":"open","sticky":false,"template":"","format":"standard","meta":{"footnotes":""},"categories":[6],"tags":[],"class_list":["post-92","post","type-post","status-publish","format-standard","hentry","category-eventi"],"_links":{"self":[{"href":"https:\/\/laboratoriorabin.eu\/index.php\/wp-json\/wp\/v2\/posts\/92","targetHints":{"allow":["GET"]}}],"collection":[{"href":"https:\/\/laboratoriorabin.eu\/index.php\/wp-json\/wp\/v2\/posts"}],"about":[{"href":"https:\/\/laboratoriorabin.eu\/index.php\/wp-json\/wp\/v2\/types\/post"}],"author":[{"embeddable":true,"href":"https:\/\/laboratoriorabin.eu\/index.php\/wp-json\/wp\/v2\/users\/1"}],"replies":[{"embeddable":true,"href":"https:\/\/laboratoriorabin.eu\/index.php\/wp-json\/wp\/v2\/comments?post=92"}],"version-history":[{"count":4,"href":"https:\/\/laboratoriorabin.eu\/index.php\/wp-json\/wp\/v2\/posts\/92\/revisions"}],"predecessor-version":[{"id":100,"href":"https:\/\/laboratoriorabin.eu\/index.php\/wp-json\/wp\/v2\/posts\/92\/revisions\/100"}],"wp:attachment":[{"href":"https:\/\/laboratoriorabin.eu\/index.php\/wp-json\/wp\/v2\/media?parent=92"}],"wp:term":[{"taxonomy":"category","embeddable":true,"href":"https:\/\/laboratoriorabin.eu\/index.php\/wp-json\/wp\/v2\/categories?post=92"},{"taxonomy":"post_tag","embeddable":true,"href":"https:\/\/laboratoriorabin.eu\/index.php\/wp-json\/wp\/v2\/tags?post=92"}],"curies":[{"name":"wp","href":"https:\/\/api.w.org\/{rel}","templated":true}]}}